{"id":1914,"date":"2021-07-21T17:01:46","date_gmt":"2021-07-21T17:01:46","guid":{"rendered":"http:\/\/sgfeuerwehr.florian-dahlenburg.de\/?p=1914"},"modified":"2021-07-21T17:01:46","modified_gmt":"2021-07-21T17:01:46","slug":"samtgemeindekommandositzung-mit-ehrungen","status":"publish","type":"post","link":"https:\/\/florian-dahlenburg.de\/?p=1914","title":{"rendered":"Samtgemeindekommandositzung mit Ehrungen"},"content":{"rendered":"<div class=\"kvgmc6g5 cxmmr5t8 oygrvhab hcukyx3x c1et5uql ii04i59q\">\n<div dir=\"auto\"><span style=\"font-size: 0.95em;\">Entgegen den sonst \u00fcblichen legeren Kleiderordnungen bei Kommandositzungen hatte Gemeindebrandmeister Christian H\u00fcppe am Montag, den 19.07. in Dienstbekleidung geladen.<\/span><\/div>\n<\/div>\n<div class=\"o9v6fnle cxmmr5t8 oygrvhab hcukyx3x c1et5uql ii04i59q\">\n<div dir=\"auto\">Dies hatte seinen Grund darin, dass es keine gew\u00f6hnliche Kommandositzung werden sollte.<\/div>\n<div dir=\"auto\">Neben allgemeinen Informationen und aktuellen Handlungsanweisungen f\u00fcr den \u00dcbungsbetrieb trotz Corona, galt es Ernennungen, Verabschiedungen, Bef\u00f6rderungen und Ehrungen durchzuf\u00fchren, die im vergangenen Jahr in einer solchen Pr\u00e4senzform nicht m\u00f6glich waren.<\/div>\n<\/div>\n<div class=\"o9v6fnle cxmmr5t8 oygrvhab hcukyx3x c1et5uql ii04i59q\">\n<div dir=\"auto\">Vor dem Hintergrund der aktuellen Inzidenzwerte konnte jetzt eine Versammlung aller Ortsbrandmeister mit Stellvertretern und den Funktionstr\u00e4gern der Samtgemeindefeuerwehr in der luftigen Fahrzeughalle der Feuerwehr Nahrendorf\/Oldendorf stattfinden.<\/div>\n<\/div>\n<div class=\"o9v6fnle cxmmr5t8 oygrvhab hcukyx3x c1et5uql ii04i59q\">\n<div dir=\"auto\">Als G\u00e4ste konnten der Kreisbrandmeister Torsten Hensel, Samtgemeindeb\u00fcrgermeister Christoph Maltzan und sein allgemeiner Vertreter Mathias Dorn begr\u00fc\u00dft werden.<\/div>\n<\/div>\n<div class=\"o9v6fnle cxmmr5t8 oygrvhab hcukyx3x c1et5uql ii04i59q\">\n<div dir=\"auto\">Personalwechsel standen in gleich zwei Fachgruppen der Samtgemeindefeuerwehr an.<\/div>\n<div dir=\"auto\">So wurde der stellvertretende Gemeindebrandmeister Marc Bergmann als Leiter der Gefahrgutgruppe verabschiedet, als sein Nachfolger wurde Jan Griffel ernannt.<\/div>\n<div dir=\"auto\">Auch in der Informations- und Kommunikationsgruppe gab es Ver\u00e4nderungen. Der langj\u00e4hrige Leiter Wolfgang Lotter wurde verabschiedet und Johannes Schl\u00fcter zu seinem Nachfolger ernannt. Neuer stellvertretender Leiter ist Tobias Benecke.<\/div>\n<\/div>\n<div class=\"o9v6fnle cxmmr5t8 oygrvhab hcukyx3x c1et5uql ii04i59q\">\n<div dir=\"auto\">Tobias Gierke wurde f\u00fcr weitere drei Jahre als Gemeindekinderfeuerwehrwart ernannt.<\/div>\n<\/div>\n<div class=\"o9v6fnle cxmmr5t8 oygrvhab hcukyx3x c1et5uql ii04i59q\">\n<div dir=\"auto\">Im Anschluss ehrte Kreisbrandmeister Hensel die Kameraden Olaf Niebuhr und Jan Griffel mit der silbernen Ehrennadel des Kreisfeuerwehrverbandes.<\/div>\n<\/div>\n<div class=\"o9v6fnle cxmmr5t8 oygrvhab hcukyx3x c1et5uql ii04i59q\">\n<div dir=\"auto\">Der Gemeindebrandmeister Christian H\u00fcppe wurde f\u00fcr 40j\u00e4hrige aktive Feuerwehrzeit geehrt.<\/div>\n<\/div>\n<div class=\"o9v6fnle cxmmr5t8 oygrvhab hcukyx3x c1et5uql ii04i59q\">\n<div dir=\"auto\">Anschlie\u00dfend ging es dann noch an die Bef\u00f6rderungen:<\/div>\n<\/div>\n<div class=\"o9v6fnle cxmmr5t8 oygrvhab hcukyx3x c1et5uql ii04i59q\">\n<div dir=\"auto\">\u2022 Dahlenburgs stellv. OrtsBM Tobias Lotter wurde zum Brandmeister bef\u00f6rdert<\/div>\n<div dir=\"auto\">\u2022 Nahrendorfs OrtsBM Stephen Harms wurde zum Oberbrandmeister bef\u00f6rdert<\/div>\n<div dir=\"auto\">\u2022 Philip Meins wurde zum Oberl\u00f6schmeister bef\u00f6rdert<\/div>\n<div dir=\"auto\">\u2022 Michael Selle wurde zum Oberfeuerwehrmann bef\u00f6rdert<\/div>\n<div dir=\"auto\">\u2022 Der Stellv. GemBM Marc Bergmann wurde zum Oberl\u00f6schmeister bef\u00f6rdert<\/div>\n<div dir=\"auto\">\u2022 Ellringes stellv. OrtsBM Torsten Schenzel wurde zum Oberl\u00f6schmeister bef\u00f6rdert<\/div>\n<div dir=\"auto\">\u2022 Dahlems stellv. OrtsBM Marc Wachowski wurde zum Hauptl\u00f6schmeister bef\u00f6rdert<\/div>\n<\/div>\n<div dir=\"auto\"><img loading=\"lazy\" decoding=\"async\" class=\"aligncenter size-full wp-image-1916\" src=\"http:\/\/sgfeuerwehr.florian-dahlenburg.de\/wp-content\/uploads\/2021\/07\/218465007_1965529413615079_8463984741373295238_n.jpg\" alt=\"\" width=\"960\" height=\"720\" srcset=\"https:\/\/florian-dahlenburg.de\/wp-content\/uploads\/2021\/07\/218465007_1965529413615079_8463984741373295238_n.jpg 960w, https:\/\/florian-dahlenburg.de\/wp-content\/uploads\/2021\/07\/218465007_1965529413615079_8463984741373295238_n-300x225.jpg 300w, https:\/\/florian-dahlenburg.de\/wp-content\/uploads\/2021\/07\/218465007_1965529413615079_8463984741373295238_n-768x576.jpg 768w\" sizes=\"auto, (max-width: 960px) 100vw, 960px\" \/> <img loading=\"lazy\" decoding=\"async\" class=\"aligncenter size-full wp-image-1915\" src=\"http:\/\/sgfeuerwehr.florian-dahlenburg.de\/wp-content\/uploads\/2021\/07\/218087987_1965529436948410_2132270154174470264_n.jpg\" alt=\"\" width=\"960\" height=\"720\" srcset=\"https:\/\/florian-dahlenburg.de\/wp-content\/uploads\/2021\/07\/218087987_1965529436948410_2132270154174470264_n.jpg 960w, https:\/\/florian-dahlenburg.de\/wp-content\/uploads\/2021\/07\/218087987_1965529436948410_2132270154174470264_n-300x225.jpg 300w, https:\/\/florian-dahlenburg.de\/wp-content\/uploads\/2021\/07\/218087987_1965529436948410_2132270154174470264_n-768x576.jpg 768w\" sizes=\"auto, (max-width: 960px) 100vw, 960px\" \/><\/div>\n","protected":false},"excerpt":{"rendered":"<p>Entgegen den sonst \u00fcblichen legeren Kleiderordnungen bei Kommandositzungen hatte Gemeindebrandmeister Christian H\u00fcppe am Montag, den 19.07. in Dienstbekleidung<\/p>\n","protected":false},"author":1,"featured_media":1916,"comment_status":"closed","ping_status":"closed","sticky":false,"template":"","format":"standard","meta":{"footnotes":""},"categories":[1,30],"tags":[],"class_list":["post-1914","post","type-post","status-publish","format-standard","has-post-thumbnail","hentry","category-uncategorized","category-einsatzabteilung"],"_links":{"self":[{"href":"https:\/\/florian-dahlenburg.de\/index.php?rest_route=\/wp\/v2\/posts\/1914","targetHints":{"allow":["GET"]}}],"collection":[{"href":"https:\/\/florian-dahlenburg.de\/index.php?rest_route=\/wp\/v2\/posts"}],"about":[{"href":"https:\/\/florian-dahlenburg.de\/index.php?rest_route=\/wp\/v2\/types\/post"}],"author":[{"embeddable":true,"href":"https:\/\/florian-dahlenburg.de\/index.php?rest_route=\/wp\/v2\/users\/1"}],"replies":[{"embeddable":true,"href":"https:\/\/florian-dahlenburg.de\/index.php?rest_route=%2Fwp%2Fv2%2Fcomments&post=1914"}],"version-history":[{"count":1,"href":"https:\/\/florian-dahlenburg.de\/index.php?rest_route=\/wp\/v2\/posts\/1914\/revisions"}],"predecessor-version":[{"id":1917,"href":"https:\/\/florian-dahlenburg.de\/index.php?rest_route=\/wp\/v2\/posts\/1914\/revisions\/1917"}],"wp:featuredmedia":[{"embeddable":true,"href":"https:\/\/florian-dahlenburg.de\/index.php?rest_route=\/wp\/v2\/media\/1916"}],"wp:attachment":[{"href":"https:\/\/florian-dahlenburg.de\/index.php?rest_route=%2Fwp%2Fv2%2Fmedia&parent=1914"}],"wp:term":[{"taxonomy":"category","embeddable":true,"href":"https:\/\/florian-dahlenburg.de\/index.php?rest_route=%2Fwp%2Fv2%2Fcategories&post=1914"},{"taxonomy":"post_tag","embeddable":true,"href":"https:\/\/florian-dahlenburg.de\/index.php?rest_route=%2Fwp%2Fv2%2Ftags&post=1914"}],"curies":[{"name":"wp","href":"https:\/\/api.w.org\/{rel}","templated":true}]}}