{"id":2013,"date":"2021-10-14T06:37:08","date_gmt":"2021-10-14T06:37:08","guid":{"rendered":"http:\/\/sgfeuerwehr.florian-dahlenburg.de\/?p=2013"},"modified":"2021-10-17T16:14:26","modified_gmt":"2021-10-17T16:14:26","slug":"walter-bruns-mit-dem-deutsches-feuerwehr-ehrenkreuz-ausgezeichnet","status":"publish","type":"post","link":"https:\/\/florian-dahlenburg.de\/?p=2013","title":{"rendered":"Walter Bruns mit dem Deutsches Feuerwehr-Ehrenkreuz ausgezeichnet"},"content":{"rendered":"<div class=\"o9v6fnle cxmmr5t8 oygrvhab hcukyx3x c1et5uql ii04i59q\">\n<div dir=\"auto\">Im Rahmen der Kreisfeuerwehrverbandsversammlung der Kreisfeuerwehr L\u00fcneburg in Bleckede am 11. September wurde der stellvertretende Gemeindebrandmeister der Samtgemeinde Dahlenburg, Hauptbrandmeister Walter Bruns, mit dem Deutschen Feuerwehr-Ehrenkreuz in Silber ausgezeichnet.<\/div>\n<\/div>\n<div class=\"o9v6fnle cxmmr5t8 oygrvhab hcukyx3x c1et5uql ii04i59q\">\n<div dir=\"auto\">Walter ist Feuerwehrmann mit Leib und Seele. Seit 1985 ist er Mitglied in der Feuerwehr Dahlenburg und \u00fcbernahm schon fr\u00fch Verantwortung. 1991 als Gemeindeatemschutzwart, 1994 dann als Gruppenf\u00fchrer in der Feuerwehr Dahlenburg. Im Jahr 1998 wurde Walter dann zum stellv. Gemeindebrandmeister gew\u00e4hlt. Dieses Amt f\u00fchrte er bis 2005 aus.<\/div>\n<\/div>\n<div class=\"o9v6fnle cxmmr5t8 oygrvhab hcukyx3x c1et5uql ii04i59q\">\n<div dir=\"auto\">Bereits 2004 \u00fcbernahm er mit dem Amt des Ortsbrandmeisters in der Feuerwehr Dahlenburg die F\u00fchrung einer St\u00fctzpunktfeuerwehr. 12 Jahre bis 2016 leitete er die Geschicke seiner Ortsfeuerwehr. Der Rat der Samtgemeinde ernannte ihn daraufhin zum Ehrenortsbrandmeister. 2016 wurde Walter erneut zum stellv. Gemeindebrandmeister gew\u00e4hlt und f\u00fchrt dieses Amt mit gro\u00dfem und unerm\u00fcdlichem Engagement noch heute aus.<\/div>\n<\/div>\n<div class=\"o9v6fnle cxmmr5t8 oygrvhab hcukyx3x c1et5uql ii04i59q\">\n<div dir=\"auto\">Die Liste seiner Aus- und Weiterbildungen umfasst 29 Eintr\u00e4ge, die Walter an der Landesfeuerwehrschule (heute Akademie im NLBK), der Feuerwehrtechnischen Zentrale in Scharnebeck und auf Gemeindeebene absolviert hat.<\/div>\n<\/div>\n<div class=\"o9v6fnle cxmmr5t8 oygrvhab hcukyx3x c1et5uql ii04i59q\">\n<div dir=\"auto\">Walter ist stets ein kompetenter und in allen Belangen bereitwilliger Ansprechpartner, der sich durch seine direkte und unverbl\u00fcmte Art auszeichnet. Missst\u00e4nde verschweigt Walter nicht, bei Eins\u00e4tzen ist er immer wieder der ruhende Pol.<\/div>\n<\/div>\n<div class=\"o9v6fnle cxmmr5t8 oygrvhab hcukyx3x c1et5uql ii04i59q\">\n<div dir=\"auto\">Durch seine berufliche T\u00e4tigkeit in der Feuerwehr-Einsatz- und Rettungsleitstelle des <span class=\"nc684nl6\">Landkreis L\u00fcneburg &#8211; Kreisverwaltung<\/span> ist er zudem immer bestens \u00fcber aktuelle Themen des Feuerwehrwesens informiert.<\/div>\n<\/div>\n<p><img loading=\"lazy\" decoding=\"async\" class=\"aligncenter size-full wp-image-2014\" src=\"http:\/\/sgfeuerwehr.florian-dahlenburg.de\/wp-content\/uploads\/2021\/10\/Walter-Bruns.jpg\" alt=\"\" width=\"772\" height=\"1047\" srcset=\"https:\/\/florian-dahlenburg.de\/wp-content\/uploads\/2021\/10\/Walter-Bruns.jpg 772w, https:\/\/florian-dahlenburg.de\/wp-content\/uploads\/2021\/10\/Walter-Bruns-221x300.jpg 221w, https:\/\/florian-dahlenburg.de\/wp-content\/uploads\/2021\/10\/Walter-Bruns-755x1024.jpg 755w, https:\/\/florian-dahlenburg.de\/wp-content\/uploads\/2021\/10\/Walter-Bruns-768x1042.jpg 768w\" sizes=\"auto, (max-width: 772px) 100vw, 772px\" \/> <img loading=\"lazy\" decoding=\"async\" class=\"aligncenter size-full wp-image-2016\" src=\"http:\/\/sgfeuerwehr.florian-dahlenburg.de\/wp-content\/uploads\/2021\/10\/Abzeichen.png\" alt=\"\" width=\"300\" height=\"436\" srcset=\"https:\/\/florian-dahlenburg.de\/wp-content\/uploads\/2021\/10\/Abzeichen.png 300w, https:\/\/florian-dahlenburg.de\/wp-content\/uploads\/2021\/10\/Abzeichen-206x300.png 206w\" sizes=\"auto, (max-width: 300px) 100vw, 300px\" \/><\/p>\n","protected":false},"excerpt":{"rendered":"<p>Im Rahmen der Kreisfeuerwehrverbandsversammlung der Kreisfeuerwehr L\u00fcneburg in Bleckede am 11. September wurde der stellvertretende Gemeindebrandmeister der Samtgemeinde<\/p>\n","protected":false},"author":1,"featured_media":2016,"comment_status":"closed","ping_status":"closed","sticky":false,"template":"","format":"standard","meta":{"footnotes":""},"categories":[1,30],"tags":[],"class_list":["post-2013","post","type-post","status-publish","format-standard","has-post-thumbnail","hentry","category-uncategorized","category-einsatzabteilung"],"_links":{"self":[{"href":"https:\/\/florian-dahlenburg.de\/index.php?rest_route=\/wp\/v2\/posts\/2013","targetHints":{"allow":["GET"]}}],"collection":[{"href":"https:\/\/florian-dahlenburg.de\/index.php?rest_route=\/wp\/v2\/posts"}],"about":[{"href":"https:\/\/florian-dahlenburg.de\/index.php?rest_route=\/wp\/v2\/types\/post"}],"author":[{"embeddable":true,"href":"https:\/\/florian-dahlenburg.de\/index.php?rest_route=\/wp\/v2\/users\/1"}],"replies":[{"embeddable":true,"href":"https:\/\/florian-dahlenburg.de\/index.php?rest_route=%2Fwp%2Fv2%2Fcomments&post=2013"}],"version-history":[{"count":7,"href":"https:\/\/florian-dahlenburg.de\/index.php?rest_route=\/wp\/v2\/posts\/2013\/revisions"}],"predecessor-version":[{"id":2024,"href":"https:\/\/florian-dahlenburg.de\/index.php?rest_route=\/wp\/v2\/posts\/2013\/revisions\/2024"}],"wp:featuredmedia":[{"embeddable":true,"href":"https:\/\/florian-dahlenburg.de\/index.php?rest_route=\/wp\/v2\/media\/2016"}],"wp:attachment":[{"href":"https:\/\/florian-dahlenburg.de\/index.php?rest_route=%2Fwp%2Fv2%2Fmedia&parent=2013"}],"wp:term":[{"taxonomy":"category","embeddable":true,"href":"https:\/\/florian-dahlenburg.de\/index.php?rest_route=%2Fwp%2Fv2%2Fcategories&post=2013"},{"taxonomy":"post_tag","embeddable":true,"href":"https:\/\/florian-dahlenburg.de\/index.php?rest_route=%2Fwp%2Fv2%2Ftags&post=2013"}],"curies":[{"name":"wp","href":"https:\/\/api.w.org\/{rel}","templated":true}]}}