{"id":3793,"date":"2024-04-29T19:55:17","date_gmt":"2024-04-29T19:55:17","guid":{"rendered":"https:\/\/florian-dahlenburg.de\/?p=3793"},"modified":"2024-04-29T19:58:29","modified_gmt":"2024-04-29T19:58:29","slug":"jahreshauptversammlung-gemeindefeuerwehr-dahlenburg-am-05-04-2024-in-nahrendorf","status":"publish","type":"post","link":"https:\/\/florian-dahlenburg.de\/?p=3793","title":{"rendered":"Jahreshauptversammlung Gemeindefeuerwehr Dahlenburg am 05.04.2024 in Nahrendorf"},"content":{"rendered":"<p>Am Freitag den 05.04.2024 fand die Jahreshauptversammlung der Gemeindefeuerwehr<br \/>\nDahlenburg in Nahrendorf statt.<br \/>\nUm 19:30 Uhr er\u00f6ffnete Marc Bergmann die Hauptversammlung und begr\u00fc\u00dft die<br \/>\nSamtgemeindeb\u00fcrgermeisterin Uta Kraake und den Ordnungsamtsleiter Herrn Mieczkowski.<br \/>\nAu\u00dferdem begr\u00fc\u00dft er die G\u00e4ste aus den Reihen der Feuerwehr, Polizei und Politik. Im Anschluss begr\u00fc\u00dft er seine Kameraden aus den Feuerwehren. Er bedankt sich bei den Nahrendorfer Kameraden f\u00fcr die Ausrichtung und Bewirtung an diesem Abend.<br \/>\nNach der Totenehrung f\u00fcr die verstorbenen Kameraden des letzten Jahres gab es von der<br \/>\nPastorin Sandra Golenia noch ehrw\u00fcrdige Worte f\u00fcr die verstorbenen Kameraden und an die Versammlung.<br \/>\nNach der Genehmigung des Protokolls aus 2023 folgte der Bericht des Gemeindebrandmeisters.<br \/>\nMitgliederzahlen:<br \/>\n365 Mitglieder in der Einsatzabteilung,<br \/>\n104 Mitglieder in der Altersabteilung,<br \/>\n59 Mitglieder in der Jugendfeuerwehr und<br \/>\n91 Mitglieder in der Kinderfeuerwehr.<\/p>\n<p>Fahrzeuganschaffungen in 2022:<br \/>\nFF Dahlenburg -&gt; Ger\u00e4tewagen Logistik 2 (GW-L2)<\/p>\n<p>Eins\u00e4tze 2023:<br \/>\n102 Eins\u00e4tze insgesamt, davon<br \/>\n59 Eins\u00e4tze Technische Hilfeleistungen<br \/>\n43 Eins\u00e4tze Brandeins\u00e4tze (inkl. 21 x BMA)<br \/>\n26 Personen gerettet, 2 Personen verstorben<br \/>\nDie Jahresberichte der einzelnen Fachbereiche konnten in den ausgelegten Jahresberichtsheft nachgelesen werden und evtl. Erg\u00e4nzungen wurden von den Fachbereichsleitern vorgetragen.<\/p>\n<p>Dieses sind die Bereiche Ausbildung, Gefahrgutgruppe, Brandschutzerziehung, Atemschutz, Sicherheit, Bekleidung, Pressearbeit, Jugendfeuerwehr, Kinderfeuerwehr, Informations- und Kommunikationsgruppe (IUK)<br \/>\nGru\u00dfworte wurden w\u00e4hrend der Versammlung vorgetragen von:<br \/>\nSamtgemeindeb\u00fcrgermeisterin, Uta Kraake<br \/>\nPolizei Dahlenburg, Jan Schulze<br \/>\nPastorin, Sandra Golenia<br \/>\nGemeindebrandmeister Amt Neuhaus, Dirk Baumann (stv. f\u00fcr die AG Ostkreis)<br \/>\nFeuerschutzausschu\u00dfvorsitzender Ulrich Schulz<br \/>\n1. Stv. Kreisbrandmeister Stefan Dick<br \/>\nEhemaliger Kreisbrandmeister Thorsten Hensel.<\/p>\n<p>Verabschiedet als Gemeindekinderfeuerwehrwart wurde Tobias Gierke (FF Gienau).<br \/>\nSein Nachfolger ist nun Jan-Peter Derrer (FF Tosterglope).<br \/>\nDas Team FEUERON unter Leitung von Torsten Schenzel (FF Ellringen) wird nun von Andy Witt (FF Pommoissel) und Benjamin Persiel (FF Nahrendorf-Oldendorf) unterst\u00fctzt.<br \/>\nDie Kommunikationsgruppe unter Leitung von Johannes Schl\u00fcter wird von den Stellvertretern Tobias Benecke und Christian K\u00f6rte unterst\u00fctzt (Alle FF Dahlenburg).<br \/>\nDem scheidenden Gemeindekinderfeuerwehrwart Tobias Gierke und dem ehemaligen<br \/>\nKreisbrandmeister Thorsten Hensel wurde jeweils ein Pr\u00e4sent \u00fcberreicht.<\/p>\n<p>Um 21:01 Uhr wurde die Versammlung vom Gemeindebrandmeister geschlossen und er lud die anwesenden Kameraden und G\u00e4ste zu einem Imbiss ein.<\/p>\n<p>Bef\u00f6rderung:<br \/>\nJohannes Schl\u00fcter, Oberl\u00f6schmeister<\/p>\n<p>Verabschiedung:<br \/>\nTobias Gierke, Gemeindekinderfeuerwehrwart<\/p>\n<p>Ernennung:<br \/>\nJan-Peter Derrer , Gemeindekinderfeuerwehrwart<br \/>\nChristian K\u00f6rte, 2. Stv. Kommunikationsgruppe<br \/>\nBenjamin Persiel, Team FEUERON<\/p>\n<p>&nbsp;<\/p>\n<p>Bildunterschriften:<br \/>\n<a href=\"https:\/\/florian-dahlenburg.de\/?attachment_id=3794\" rel=\"attachment wp-att-3794\"><img loading=\"lazy\" decoding=\"async\" class=\"alignnone wp-image-3794\" src=\"http:\/\/florian-dahlenburg.de\/wp-content\/uploads\/2024\/04\/Bild1_Ernennungen-1024x558.jpeg\" alt=\"\" width=\"599\" height=\"326\" srcset=\"https:\/\/florian-dahlenburg.de\/wp-content\/uploads\/2024\/04\/Bild1_Ernennungen-1024x558.jpeg 1024w, https:\/\/florian-dahlenburg.de\/wp-content\/uploads\/2024\/04\/Bild1_Ernennungen-300x163.jpeg 300w, https:\/\/florian-dahlenburg.de\/wp-content\/uploads\/2024\/04\/Bild1_Ernennungen-768x418.jpeg 768w, https:\/\/florian-dahlenburg.de\/wp-content\/uploads\/2024\/04\/Bild1_Ernennungen.jpeg 1280w\" sizes=\"auto, (max-width: 599px) 100vw, 599px\" \/><\/a><\/p>\n<p>Marc Bergmann, Jan-Peter Derrer, Christian K\u00f6rte, Benjamin Persiel, Jan<br \/>\nGriffel, Walter Bruns<\/p>\n<p><a href=\"https:\/\/florian-dahlenburg.de\/?attachment_id=3795\" rel=\"attachment wp-att-3795\"><img loading=\"lazy\" decoding=\"async\" class=\"alignnone wp-image-3795\" src=\"http:\/\/florian-dahlenburg.de\/wp-content\/uploads\/2024\/04\/Bild2_Praesent-an-Tobias-Gierke-1024x601.jpeg\" alt=\"\" width=\"600\" height=\"352\" srcset=\"https:\/\/florian-dahlenburg.de\/wp-content\/uploads\/2024\/04\/Bild2_Praesent-an-Tobias-Gierke-1024x601.jpeg 1024w, https:\/\/florian-dahlenburg.de\/wp-content\/uploads\/2024\/04\/Bild2_Praesent-an-Tobias-Gierke-300x176.jpeg 300w, https:\/\/florian-dahlenburg.de\/wp-content\/uploads\/2024\/04\/Bild2_Praesent-an-Tobias-Gierke-768x451.jpeg 768w, https:\/\/florian-dahlenburg.de\/wp-content\/uploads\/2024\/04\/Bild2_Praesent-an-Tobias-Gierke.jpeg 1280w\" sizes=\"auto, (max-width: 600px) 100vw, 600px\" \/><\/a><br \/>\nTobias Gierke: Walter Bruns, Jan Griffel, Tobias Gierke, Marc Bergmann<\/p>\n<p><a href=\"https:\/\/florian-dahlenburg.de\/?attachment_id=3796\" rel=\"attachment wp-att-3796\"><img loading=\"lazy\" decoding=\"async\" class=\"alignnone wp-image-3796\" src=\"http:\/\/florian-dahlenburg.de\/wp-content\/uploads\/2024\/04\/Bild3_Praesent-an-Thorsten-Hensel-1024x680.jpeg\" alt=\"\" width=\"601\" height=\"399\" srcset=\"https:\/\/florian-dahlenburg.de\/wp-content\/uploads\/2024\/04\/Bild3_Praesent-an-Thorsten-Hensel-1024x680.jpeg 1024w, https:\/\/florian-dahlenburg.de\/wp-content\/uploads\/2024\/04\/Bild3_Praesent-an-Thorsten-Hensel-300x199.jpeg 300w, https:\/\/florian-dahlenburg.de\/wp-content\/uploads\/2024\/04\/Bild3_Praesent-an-Thorsten-Hensel-768x510.jpeg 768w, https:\/\/florian-dahlenburg.de\/wp-content\/uploads\/2024\/04\/Bild3_Praesent-an-Thorsten-Hensel.jpeg 1280w\" sizes=\"auto, (max-width: 601px) 100vw, 601px\" \/><\/a><br \/>\nThorsten Hensel: Marc Bergmann, Thorsten Hensel, Jan Griffel<\/p>\n<p><a href=\"https:\/\/florian-dahlenburg.de\/?attachment_id=3797\" rel=\"attachment wp-att-3797\"><img loading=\"lazy\" decoding=\"async\" class=\"alignnone wp-image-3797\" src=\"http:\/\/florian-dahlenburg.de\/wp-content\/uploads\/2024\/04\/Bild4_Gruppenbild-1024x727.jpeg\" alt=\"\" width=\"600\" height=\"426\" srcset=\"https:\/\/florian-dahlenburg.de\/wp-content\/uploads\/2024\/04\/Bild4_Gruppenbild-1024x727.jpeg 1024w, https:\/\/florian-dahlenburg.de\/wp-content\/uploads\/2024\/04\/Bild4_Gruppenbild-300x213.jpeg 300w, https:\/\/florian-dahlenburg.de\/wp-content\/uploads\/2024\/04\/Bild4_Gruppenbild-768x545.jpeg 768w, https:\/\/florian-dahlenburg.de\/wp-content\/uploads\/2024\/04\/Bild4_Gruppenbild.jpeg 1280w\" sizes=\"auto, (max-width: 600px) 100vw, 600px\" \/><\/a><br \/>\nGBM Marc Bergmann, Tobias Gierke, 1. Stv. KBM Stephan Dick, 2. Stv. GBM.<br \/>\nWalter Bruns, 1. Stv. GBM Jan Griffel, SG-B\u00fcrgermeisterin Uta Kraake, Johannes Schl\u00fcter, Tobias<br \/>\nBenecke, Christian K\u00f6rte, Jan-Peter Derrer, Benjamin Persiel<\/p>\n","protected":false},"excerpt":{"rendered":"<p>Am Freitag den 05.04.2024 fand die Jahreshauptversammlung der Gemeindefeuerwehr Dahlenburg in Nahrendorf statt. Um 19:30 Uhr er\u00f6ffnete Marc<\/p>\n","protected":false},"author":1,"featured_media":3797,"comment_status":"closed","ping_status":"closed","sticky":false,"template":"","format":"standard","meta":{"footnotes":""},"categories":[1,30],"tags":[],"class_list":["post-3793","post","type-post","status-publish","format-standard","has-post-thumbnail","hentry","category-uncategorized","category-einsatzabteilung"],"_links":{"self":[{"href":"https:\/\/florian-dahlenburg.de\/index.php?rest_route=\/wp\/v2\/posts\/3793","targetHints":{"allow":["GET"]}}],"collection":[{"href":"https:\/\/florian-dahlenburg.de\/index.php?rest_route=\/wp\/v2\/posts"}],"about":[{"href":"https:\/\/florian-dahlenburg.de\/index.php?rest_route=\/wp\/v2\/types\/post"}],"author":[{"embeddable":true,"href":"https:\/\/florian-dahlenburg.de\/index.php?rest_route=\/wp\/v2\/users\/1"}],"replies":[{"embeddable":true,"href":"https:\/\/florian-dahlenburg.de\/index.php?rest_route=%2Fwp%2Fv2%2Fcomments&post=3793"}],"version-history":[{"count":4,"href":"https:\/\/florian-dahlenburg.de\/index.php?rest_route=\/wp\/v2\/posts\/3793\/revisions"}],"predecessor-version":[{"id":3801,"href":"https:\/\/florian-dahlenburg.de\/index.php?rest_route=\/wp\/v2\/posts\/3793\/revisions\/3801"}],"wp:featuredmedia":[{"embeddable":true,"href":"https:\/\/florian-dahlenburg.de\/index.php?rest_route=\/wp\/v2\/media\/3797"}],"wp:attachment":[{"href":"https:\/\/florian-dahlenburg.de\/index.php?rest_route=%2Fwp%2Fv2%2Fmedia&parent=3793"}],"wp:term":[{"taxonomy":"category","embeddable":true,"href":"https:\/\/florian-dahlenburg.de\/index.php?rest_route=%2Fwp%2Fv2%2Fcategories&post=3793"},{"taxonomy":"post_tag","embeddable":true,"href":"https:\/\/florian-dahlenburg.de\/index.php?rest_route=%2Fwp%2Fv2%2Ftags&post=3793"}],"curies":[{"name":"wp","href":"https:\/\/api.w.org\/{rel}","templated":true}]}}