{"id":4861,"date":"2025-06-22T19:01:03","date_gmt":"2025-06-22T19:01:03","guid":{"rendered":"https:\/\/florian-dahlenburg.de\/?p=4861"},"modified":"2025-06-22T19:01:03","modified_gmt":"2025-06-22T19:01:03","slug":"im-fuchsbau-das-aussergewoehnliche-ereignis-knapp-500-einsatzkraefte-ueben-in-der-goehrde","status":"publish","type":"post","link":"https:\/\/florian-dahlenburg.de\/?p=4861","title":{"rendered":"\u201eIm Fuchsbau \u2013 das au\u00dfergew\u00f6hnliche Ereignis\u201c \u2013 knapp 500 Einsatzkr\u00e4fte \u00fcben in der G\u00f6hrde"},"content":{"rendered":"<div class=\"xdj266r x14z9mp xat24cr x1lziwak x1vvkbs x126k92a\">\n<div dir=\"auto\">Im Fuchsbau \u2013 das au\u00dfergew\u00f6hnliche Ereignis<\/div>\n<\/div>\n<div class=\"x14z9mp xat24cr x1lziwak x1vvkbs xtlvy1s x126k92a\">\n<div dir=\"auto\">\u00dcberregionale Waldbrand\u00fcbung im L\u00fcneburger Ostkreis<\/div>\n<\/div>\n<div class=\"x14z9mp xat24cr x1lziwak x1vvkbs xtlvy1s x126k92a\">\n<div dir=\"auto\">Niedersachsen \u2013 Waldgebiet G\u00f6hrde \u2013 26\u00b0C \u2013 leichter Wind \u2013 trockene W\u00e4lder. Die realen Bedingungen waren fast zu gut f\u00fcr die geplante \u00dcbung: Am Samstagvormittag ist in der G\u00f6hrde ein Waldbrand ausgebrochen \u2013 das war der Start in eine gro\u00dfe Waldbrand\u00fcbung f\u00fcr knapp 500 Einsatzkr\u00e4fte der Feuerwehren und Hilfsorganisationen im \u00f6stlichen Landkreis L\u00fcneburg.<\/div>\n<div dir=\"auto\">Von mehreren Bereitstellungsr\u00e4umen in der Samtgemeinde Dahlenburg r\u00fcckten ab dem fr\u00fchen Vormittag Fachz\u00fcge f\u00fcr Vegetationsbrandbek\u00e4mpfung ins \u00dcbungsgebiet ab. \u00dcber der \u201eEinsatzstelle\u201c kreiste das Flugzeug des Feuerwehrflugdienstes und unterst\u00fctzte den Einsatzleiter.<\/div>\n<\/div>\n<div class=\"x14z9mp xat24cr x1lziwak x1vvkbs xtlvy1s x126k92a\">\n<div dir=\"auto\">Bis dahin war es eine Feuerwehr\u00fcbung wie viele \u2013 aber die Gr\u00f6\u00dfenordnung war f\u00fcr eine \u00dcbung auf kommunaler Ebene schon immens.<\/div>\n<div dir=\"auto\">Neben den vier Vegetationsbrandbek\u00e4mpfungsz\u00fcgen aus dem L\u00fcneburger Ostkreis (Samtgemeinden Ostheide und Dahlenburg sowie die Stadt Bleckede und das Amt Neuhaus) war ein Zug aus der Samtgemeinde Amelinghausen eingesetzt.<\/div>\n<div dir=\"auto\">Dazu kamen je ein Zug aus den Landkreisen Uelzen und L\u00fcchow-Dannenberg. Diese Einheiten wurden durch zwei Einheiten GFFF-V (Information unten) aus den Landkreisen G\u00f6ttingen und Goslar sowie aus den Landkreisen L\u00fcchow-Dannenberg und L\u00fcneburg unterst\u00fctzt.<\/div>\n<div dir=\"auto\">Neben dem Feuerwehrflugdienst leistete ein Hubschrauber der Firma Koopmann eine weitere Unterst\u00fctzung aus der Luft. Kr\u00e4fte der Feuerwehren Alt Garge und Rosenthal unterst\u00fctzen mittels Abrollbeh\u00e4lter \u201eVegetationsbrandbek\u00e4mpfung\u201c des Nieders\u00e4chsischen Katastrophenschutzes die Brandbek\u00e4mpfung mit dem Hubschrauber. In dem Abrollbeh\u00e4lter ist u.a. die f\u00fcr die Brandbek\u00e4mpfung mit Hubschraubern erforderliche Ausr\u00fcstung, wie z.B. ein Au\u00dfenlastbeh\u00e4lter f\u00fcr Wasserabw\u00fcrfe verlastet.<\/div>\n<div dir=\"auto\">Die gesamte \u00dcbung wurde durch das THW f\u00fcr die Versorgung und einer Fachgruppe \u201eR\u00e4umen\u201c im Einsatzraum unterst\u00fctzt.<\/div>\n<div dir=\"auto\">Im Feuerwehrhaus Pommoissel liefen in der \u201eKommunalen Einsatzleitung\u201c alle F\u00e4den zusammen:<\/div>\n<div dir=\"auto\">Die Kommunikationsgruppen aus dem Ostkreis arbeiteten \u00fcber die gemeinsame Softwarel\u00f6sung Hand in Hand: Das Lagebild aus den Einsatzleitwagen in den Einsatzabschnitten war in Echtzeit in der Einsatzleitung verf\u00fcgbar. Somit waren Entscheidungen im Stabsraum verz\u00f6gerungsfrei m\u00f6glich und diese gro\u00dfe Anzahl an Einsatzkr\u00e4ften und Einsatzfahrzeugen konnte in den Einsatzabschnitten sinnvoll eingesetzt werden.<\/div>\n<div dir=\"auto\">Neben dem Einsatz des Hubschraubers und der Tankl\u00f6schfahrzeuge im Pendelverkehr in allen Einsatzabschnitten wurde eine Wasserf\u00f6rderstrecke von 3,6 Kilometern L\u00e4nge in das \u00dcbungsgebiet verlegt.<\/div>\n<div dir=\"auto\">Das Fazit der \u00dcbung: Die Ma\u00dfnahmen in den Einsatzabschnitten liefen gut \u2013 ein Ziel war es, m\u00f6glichst viele Akteure der Vegetationsbrandbek\u00e4mpfung einzubinden.<\/div>\n<div dir=\"auto\">Somit hatten alle Einheiten die M\u00f6glichkeit, sich von den F\u00e4higkeiten und Einsatzm\u00f6glichkeiten der anderen Fachz\u00fcge und insbesondere der Einheiten des Nieders\u00e4chsischen Katastrophenschutzes zu \u00fcberzeugen.<\/div>\n<div dir=\"auto\">Mit den GFFF-V-Einheiten und den Abrollbeh\u00e4ltern f\u00fcr Vegetationsbrandbek\u00e4mpfung hat das Land Niedersachsen auf die speziellen Herausforderungen bei der Vegetationsbrandbek\u00e4mpfung reagiert. Diese Gro\u00df\u00fcbung war neben der operativen Abarbeitung der Einsatzlage auch eine ideale M\u00f6glichkeit zum Networking.<\/div>\n<\/div>\n<div class=\"x14z9mp xat24cr x1lziwak x1vvkbs xtlvy1s x126k92a\">\n<div dir=\"auto\">Der Austausch endete nicht bei den Einsatzkr\u00e4ften \u2013 viele G\u00e4ste waren als \u00dcbungsbeobachter dabei. Neben den B\u00fcrgermeistern und Ordnungsamtsleitern der beteiligten Gemeinden war auch der Landtagsabgeordnete Philipp Meyn sowie die Bundestagsabgeordneten Julia Verlinden und Jakob Blankenburg als \u00dcbungsbeobachter dabei. Auch die Forstministerin Miriam Staudte machte sich ein Bild von der Arbeit der Einsatzkr\u00e4fte: \u201eDie Gr\u00f6\u00dfe der Waldbrand\u00fcbung und die Professionalit\u00e4t der \u00fcberwiegend ehrenamtlichen Einsatzkr\u00e4fte vor Ort hat mich sehr beeindruckt! Ich spreche allen Beteiligten meinen Dank und meine Anerkennung aus. Die Durchf\u00fchrung von Waldbrand\u00fcbungen ist angesichts der immer h\u00e4ufiger auftretenden Extremwetterereignisse und der damit verbundenen erh\u00f6hten Waldbrandgefahr sehr wichtig, um Gro\u00dfbr\u00e4nde wie im August 1975 in der L\u00fcneburger Heide zu verhindern.\u201c<\/div>\n<div dir=\"auto\">Mit Landesbranddirektor Dieter Rohrberg und Regierungsbrandmeister Dieter Ruschenbusch waren zwei Fachleute unter den \u00dcbungsbeobachtern. Auch w\u00e4hrend der \u00dcbung war f\u00fcr die \u00dcbungsbeobachter Zeit den Austausch mit den Feuerwehrf\u00fchrungskr\u00e4ften, den Landesforsten, den Verwaltungen, mit der Politik und den Einsatzkr\u00e4ften.<\/div>\n<\/div>\n<div class=\"x14z9mp xat24cr x1lziwak x1vvkbs xtlvy1s x126k92a\">\n<div dir=\"auto\">Noch w\u00e4hrend der \u00dcbung kam eine Anforderung zu einem Waldbrand im Bereich des G\u00f6hrdeschlachtdenkmals:<\/div>\n<div dir=\"auto\">Es brannten knapp drei Hektar Unterholz. W\u00e4hrend der \u00dcbung waren die GFFF-V-Einheiten f\u00fcr reale Vegetationsbr\u00e4nde eingeplant. Diese Einheiten erwiesen sich als wertvolle Einsatzmittel in der Vegetationsbrandbek\u00e4mpfung.<\/div>\n<div dir=\"auto\">Der Einsatz war erst nach 17:00 Uhr abgearbeitet \u2013 somit war es f\u00fcr die Einsatzkr\u00e4fte ein sehr langer und sehr schwei\u00dftreibender Tag in der G\u00f6hrde.<\/div>\n<div dir=\"auto\">Am Ende gab es viele schmutzige aber zufriedene Gesichter.<\/div>\n<\/div>\n<div class=\"x14z9mp xat24cr x1lziwak x1vvkbs xtlvy1s x126k92a\">\n<div dir=\"auto\">Fotos, siehe Dateinamen:<\/div>\n<div dir=\"auto\">Claas Steinhauer, Pressesprecher Feuerwehr Ostheide<\/div>\n<div dir=\"auto\">Matthias Ladewig, Pressesprecher Feuerwehr Dahlenburg<\/div>\n<div dir=\"auto\">Carsten Schmidt, Pressesprecher Feuerwehr Bleckede<\/div>\n<div dir=\"auto\">Heiko Bieniu\u00dfa, Pressesprecher Feuerwehr L\u00fcchow-Dannenberg<\/div>\n<div dir=\"auto\">Noah Lange\/ Malte Bahr, Presseteam THW L\u00fcneburg<\/div>\n<\/div>\n<div class=\"x14z9mp xat24cr x1lziwak x1vvkbs xtlvy1s x126k92a\">\n<div dir=\"auto\">Hintergrundinformationen:<\/div>\n<\/div>\n<div class=\"x14z9mp xat24cr x1lziwak x1vvkbs xtlvy1s x126k92a\">\n<div dir=\"auto\">Au\u00dfergew\u00f6hnlichen Ereignisses (aE)<\/div>\n<div dir=\"auto\">Im Nieders\u00e4chsischen Katastrophenschutzgesetz (NKatSG) ist das \u201eau\u00dfergew\u00f6hnliche Ereignis\u201c f\u00fcr Gef\u00e4hrdungen unterhalb der Katastrophenschwelle aber oberhalb der Leistungsf\u00e4higkeit einer Kommune im Jahr 2020 eingef\u00fchrt worden.<\/div>\n<\/div>\n<div class=\"x14z9mp xat24cr x1lziwak x1vvkbs xtlvy1s x126k92a\">\n<div dir=\"auto\">\u00dcber\u00f6rtliche Z\u00fcge f\u00fcr die Vegetationsbrandbek\u00e4mpfung<\/div>\n<div dir=\"auto\">Alle Gemeinden im L\u00fcneburger Ostkreis haben Z\u00fcge f\u00fcr den \u00fcber\u00f6rtlichen Einsatz definiert:<\/div>\n<div dir=\"auto\">\u2013 Technische Hilfe leicht (Starkregen\/ \u00dcberflutung\/ Einsatz von Tauchpumpen)<\/div>\n<div dir=\"auto\">\u2013 Brandbek\u00e4mpfung (Atemschutzger\u00e4tetr\u00e4ger\/ Abl\u00f6sung von Einheiten bei Brandeins\u00e4tzen)<\/div>\n<div dir=\"auto\">\u2013 Vegetationsbrandbek\u00e4mpfung (Schwerpunkt auf Tankl\u00f6schfahrzeuge, Wassertransport)<\/div>\n<div dir=\"auto\">Durch die vordefinierten Z\u00fcge k\u00f6nnen diese Unterst\u00fctzungseinheiten sehr schnell ausr\u00fccken und der Grundschutz in der entsendenden Gemeinde bleibt erhalten.<\/div>\n<\/div>\n<div class=\"x14z9mp xat24cr x1lziwak x1vvkbs xtlvy1s x126k92a\">\n<div dir=\"auto\">Landeseinheit zur Vegetationsbrandbek\u00e4mpfung<\/div>\n<div dir=\"auto\">(GFFF-V Ground Forest Firefighting using Vehicle)<\/div>\n<div dir=\"auto\">Das Land Niedersachsen stellt derzeit 4 GFFF-V-Einheiten auf. Der Kern der Einheit besteht<\/div>\n<div dir=\"auto\">jeweils aus einem Kommandowagen, vier CCFM 3000 \u201eNiedersachsen\u201c (CCFM ist die<\/div>\n<div dir=\"auto\">franz\u00f6sische Abk\u00fcrzung f\u00fcr ein mittleres Waldbrandtankl\u00f6schfahrzeug) und einem<\/div>\n<div dir=\"auto\">Ger\u00e4tewagen-Logistik. Die CCFM-Fahrzeuge sind speziell f\u00fcr die Bek\u00e4mpfung von Vegetationsbr\u00e4nden konzipiert. Die Fahrzeuge sind gel\u00e4ndeg\u00e4ngig und verf\u00fcgen \u00fcber 3000 Liter L\u00f6schwasser sowie 500 Liter Wasser zur Eigensicherung, die \u00fcber eine Selbstschutzanlage zur K\u00fchlung der Kabine genutzt werden k\u00f6nnen sowie Atemluftanschl\u00fcsse an allen Sitzpl\u00e4tzen. S\u00e4mtliche betriebswichtigen Leitungen (Brems- und Kraftstoffleitungen, etc.) wurden mit einem Hitzeschutz ummantelt. Die Einsatzkr\u00e4fte werden vom Land mit spezieller pers\u00f6nlicher Schutzausr\u00fcstung ausgestattet und erhalten eine spezifische Ausbildung zur Vegetationsbrandbek\u00e4mpfung.<\/div>\n<div dir=\"auto\">Die Einheit ist innerhalb Niedersachsens und Deutschland einsetzbar. F\u00fcr Eins\u00e4tze im Rahmen des UCPM (Union Civil Protection Mechanism der EU) wird ein entsprechendes GFFF-V-Modul gebildet, wobei die darin enthaltene GFFF-V-Einheit um die Module Fachberatung &amp; Sicherheit, Autarkie sowie um eine Kontingentf\u00fchrung EU erg\u00e4nzt werden.<\/div>\n<\/div>\n<div class=\"x14z9mp xat24cr x1lziwak x1vvkbs xtlvy1s x126k92a\">\n<div dir=\"auto\">Abrollbeh\u00e4lter Vegetationsbrandbek\u00e4mpfung (AB VEG)<\/div>\n<div dir=\"auto\">Der Abrollbeh\u00e4lter Vegetationsbrandbek\u00e4mpfung (AB VEG) dient der Einrichtung eines Behelfslande- und\/oder Wasseraufnahmeplatzes f\u00fcr Helikopter und dem Transport umfangreicher Ausr\u00fcstung zur Vegetationsbrandbek\u00e4mpfung. Er ist zum einen Werkzeugkasten f\u00fcr bodengebundene Einsatzkr\u00e4fte und enth\u00e4lt zum anderen diverse Einsatzmittel, welche f\u00fcr die professionelle Unterst\u00fctzung f\u00fcr luftgebundene Brandbek\u00e4mpfung ben\u00f6tigt wird. Besonderheiten:<\/div>\n<div dir=\"auto\">\u2013 L\u00f6schwasserau\u00dfenlastbeh\u00e4lter Bambi-Bucket mit 1.000 Liter Fassungsverm\u00f6gen<\/div>\n<div dir=\"auto\">\u2013 ein flexibler L\u00f6schwassertank mit 36.000 Liter Fassungsverm\u00f6gen<\/div>\n<div dir=\"auto\">\u2013 eine tragbare Pumpe PFPN 10-1000 sowie<\/div>\n<div dir=\"auto\">\u2013 umfangreiches Schlauchmaterial und vegetationsbrandspezifisches Werkzeug<\/div>\n<\/div>\n<div class=\"x14z9mp xat24cr x1lziwak x1vvkbs xtlvy1s x126k92a\">\n<div dir=\"auto\">Feuerwehrflugdienst (FFD)<\/div>\n<div dir=\"auto\">Die zwei Kleinflugzeuge des Feuerwehrflugdienstes (FFD) dienen der F\u00fchrungsunterst\u00fctzung aus der Luft und k\u00f6nnen erg\u00e4nzend im Rahmen der Erkundung sowie Fr\u00fcherkennung von Vegetationsbr\u00e4nden eingesetzt werden. Der FFD startet bei einer entsprechend hohen Waldbrandgefahr proaktiv nach Beauftragung durch das Nieders\u00e4chsische Landesamt f\u00fcr Brand- und Katastrophenschutz (NLBK) oder auf Anforderung der jeweiligen<\/div>\n<div dir=\"auto\">Einsatzleitung.<\/div>\n<div dir=\"auto\">Die Besatzung besteht aus einem Piloten, einem F\u00f6rster und einem Beobachter der Feuerwehr. Dieser stellt per Funk die Verbindung zu den Einheiten am Boden her und leitet diese aus der Luft zum Einsatzort und\/ oder \u00fcbermittelt die gesichtete Lage an die Einsatzleitung.<\/div>\n<\/div>\n<div class=\"x14z9mp xat24cr x1lziwak x1vvkbs xtlvy1s x126k92a\">\n<div dir=\"auto\">KMN Koopmann Helicopter GmbH<\/div>\n<div dir=\"auto\">Seit 2020 stellt das Land Niedersachsen gesicherte Hubschrauberkapazit\u00e4ten f\u00fcr die luftgebundene Einsatzunterst\u00fctzung. Die durch Vergabeverfahren beauftragte Dienstleistung wird f\u00fcr den Zeitraum 01.04. bis 30.09. eines Jahres durch die Firma KMN gestellt.<\/div>\n<div dir=\"auto\">Ab Waldbrandwarnstufe 4 ist ein Helikopter des Typ AS 350 mit einem 1.000 Liter Bambi-Bucket sowie einem Au\u00dfenlast-Transportnetz und geschulter Crew f\u00fcr das Land Niedersachsen abgestellt. Von der Heimatbasis in Sommerland startet der Dienstleister nach Alarmierung umgehend und ist im Durchschnitt nach 60 Minuten am Einsatzort<\/div>\n<div dir=\"auto\"><a href=\"https:\/\/florian-dahlenburg.de\/?attachment_id=4862\" rel=\"attachment wp-att-4862\"><img loading=\"lazy\" decoding=\"async\" class=\"alignnone size-large wp-image-4862\" src=\"http:\/\/florian-dahlenburg.de\/wp-content\/uploads\/2025\/06\/509444595_1128699365957389_2316536066464169903_n-1024x768.jpg\" alt=\"\" width=\"640\" height=\"480\" srcset=\"https:\/\/florian-dahlenburg.de\/wp-content\/uploads\/2025\/06\/509444595_1128699365957389_2316536066464169903_n-1024x768.jpg 1024w, https:\/\/florian-dahlenburg.de\/wp-content\/uploads\/2025\/06\/509444595_1128699365957389_2316536066464169903_n-300x225.jpg 300w, https:\/\/florian-dahlenburg.de\/wp-content\/uploads\/2025\/06\/509444595_1128699365957389_2316536066464169903_n-768x576.jpg 768w, https:\/\/florian-dahlenburg.de\/wp-content\/uploads\/2025\/06\/509444595_1128699365957389_2316536066464169903_n.jpg 1500w\" sizes=\"auto, (max-width: 640px) 100vw, 640px\" \/><\/a><\/div>\n<div dir=\"auto\"><a href=\"https:\/\/florian-dahlenburg.de\/?attachment_id=4863\" rel=\"attachment wp-att-4863\"><img loading=\"lazy\" decoding=\"async\" class=\"alignnone size-large wp-image-4863\" src=\"http:\/\/florian-dahlenburg.de\/wp-content\/uploads\/2025\/06\/511062941_1128699369290722_1779557240533336976_n-1024x768.jpg\" alt=\"\" width=\"640\" height=\"480\" srcset=\"https:\/\/florian-dahlenburg.de\/wp-content\/uploads\/2025\/06\/511062941_1128699369290722_1779557240533336976_n-1024x768.jpg 1024w, https:\/\/florian-dahlenburg.de\/wp-content\/uploads\/2025\/06\/511062941_1128699369290722_1779557240533336976_n-300x225.jpg 300w, https:\/\/florian-dahlenburg.de\/wp-content\/uploads\/2025\/06\/511062941_1128699369290722_1779557240533336976_n-768x576.jpg 768w, https:\/\/florian-dahlenburg.de\/wp-content\/uploads\/2025\/06\/511062941_1128699369290722_1779557240533336976_n.jpg 1500w\" sizes=\"auto, (max-width: 640px) 100vw, 640px\" \/><\/a><\/div>\n<div dir=\"auto\"><a href=\"https:\/\/florian-dahlenburg.de\/?attachment_id=4865\" rel=\"attachment wp-att-4865\"><img loading=\"lazy\" decoding=\"async\" class=\"alignnone size-large wp-image-4865\" src=\"http:\/\/florian-dahlenburg.de\/wp-content\/uploads\/2025\/06\/511198058_1128699215957404_3751631121932034858_n-1024x683.jpg\" alt=\"\" width=\"640\" height=\"427\" srcset=\"https:\/\/florian-dahlenburg.de\/wp-content\/uploads\/2025\/06\/511198058_1128699215957404_3751631121932034858_n-1024x683.jpg 1024w, https:\/\/florian-dahlenburg.de\/wp-content\/uploads\/2025\/06\/511198058_1128699215957404_3751631121932034858_n-300x200.jpg 300w, https:\/\/florian-dahlenburg.de\/wp-content\/uploads\/2025\/06\/511198058_1128699215957404_3751631121932034858_n-768x512.jpg 768w, https:\/\/florian-dahlenburg.de\/wp-content\/uploads\/2025\/06\/511198058_1128699215957404_3751631121932034858_n.jpg 1500w\" sizes=\"auto, (max-width: 640px) 100vw, 640px\" \/><\/a><\/div>\n<div dir=\"auto\"><a href=\"https:\/\/florian-dahlenburg.de\/?attachment_id=4866\" rel=\"attachment wp-att-4866\"><img loading=\"lazy\" decoding=\"async\" class=\"alignnone size-large wp-image-4866\" src=\"http:\/\/florian-dahlenburg.de\/wp-content\/uploads\/2025\/06\/511169078_1128699212624071_8683340880627163690_n-1024x683.jpg\" alt=\"\" width=\"640\" height=\"427\" srcset=\"https:\/\/florian-dahlenburg.de\/wp-content\/uploads\/2025\/06\/511169078_1128699212624071_8683340880627163690_n-1024x683.jpg 1024w, https:\/\/florian-dahlenburg.de\/wp-content\/uploads\/2025\/06\/511169078_1128699212624071_8683340880627163690_n-300x200.jpg 300w, https:\/\/florian-dahlenburg.de\/wp-content\/uploads\/2025\/06\/511169078_1128699212624071_8683340880627163690_n-768x512.jpg 768w, https:\/\/florian-dahlenburg.de\/wp-content\/uploads\/2025\/06\/511169078_1128699212624071_8683340880627163690_n.jpg 1500w\" sizes=\"auto, (max-width: 640px) 100vw, 640px\" \/><\/a><\/div>\n<div dir=\"auto\"><a href=\"https:\/\/florian-dahlenburg.de\/?attachment_id=4867\" rel=\"attachment wp-att-4867\"><img loading=\"lazy\" decoding=\"async\" class=\"alignnone size-large wp-image-4867\" src=\"http:\/\/florian-dahlenburg.de\/wp-content\/uploads\/2025\/06\/510758383_1128699185957407_1635547199403000440_n-1024x683.jpg\" alt=\"\" width=\"640\" height=\"427\" srcset=\"https:\/\/florian-dahlenburg.de\/wp-content\/uploads\/2025\/06\/510758383_1128699185957407_1635547199403000440_n-1024x683.jpg 1024w, https:\/\/florian-dahlenburg.de\/wp-content\/uploads\/2025\/06\/510758383_1128699185957407_1635547199403000440_n-300x200.jpg 300w, https:\/\/florian-dahlenburg.de\/wp-content\/uploads\/2025\/06\/510758383_1128699185957407_1635547199403000440_n-768x512.jpg 768w, https:\/\/florian-dahlenburg.de\/wp-content\/uploads\/2025\/06\/510758383_1128699185957407_1635547199403000440_n.jpg 1500w\" sizes=\"auto, (max-width: 640px) 100vw, 640px\" \/><\/a><\/div>\n<div dir=\"auto\"><a href=\"https:\/\/florian-dahlenburg.de\/?attachment_id=4868\" rel=\"attachment wp-att-4868\"><img loading=\"lazy\" decoding=\"async\" class=\"alignnone size-large wp-image-4868\" src=\"http:\/\/florian-dahlenburg.de\/wp-content\/uploads\/2025\/06\/511821451_1128699222624070_9007016833994177302_n-1024x683.jpg\" alt=\"\" width=\"640\" height=\"427\" srcset=\"https:\/\/florian-dahlenburg.de\/wp-content\/uploads\/2025\/06\/511821451_1128699222624070_9007016833994177302_n-1024x683.jpg 1024w, https:\/\/florian-dahlenburg.de\/wp-content\/uploads\/2025\/06\/511821451_1128699222624070_9007016833994177302_n-300x200.jpg 300w, https:\/\/florian-dahlenburg.de\/wp-content\/uploads\/2025\/06\/511821451_1128699222624070_9007016833994177302_n-768x512.jpg 768w, https:\/\/florian-dahlenburg.de\/wp-content\/uploads\/2025\/06\/511821451_1128699222624070_9007016833994177302_n.jpg 1500w\" sizes=\"auto, (max-width: 640px) 100vw, 640px\" \/><\/a><\/div>\n<\/div>\n","protected":false},"excerpt":{"rendered":"<p>Im Fuchsbau \u2013 das au\u00dfergew\u00f6hnliche Ereignis \u00dcberregionale Waldbrand\u00fcbung im L\u00fcneburger Ostkreis Niedersachsen \u2013 Waldgebiet G\u00f6hrde \u2013 26\u00b0C \u2013<\/p>\n","protected":false},"author":1,"featured_media":4864,"comment_status":"closed","ping_status":"closed","sticky":false,"template":"","format":"standard","meta":{"footnotes":""},"categories":[1,30],"tags":[],"class_list":["post-4861","post","type-post","status-publish","format-standard","has-post-thumbnail","hentry","category-uncategorized","category-einsatzabteilung"],"_links":{"self":[{"href":"https:\/\/florian-dahlenburg.de\/index.php?rest_route=\/wp\/v2\/posts\/4861","targetHints":{"allow":["GET"]}}],"collection":[{"href":"https:\/\/florian-dahlenburg.de\/index.php?rest_route=\/wp\/v2\/posts"}],"about":[{"href":"https:\/\/florian-dahlenburg.de\/index.php?rest_route=\/wp\/v2\/types\/post"}],"author":[{"embeddable":true,"href":"https:\/\/florian-dahlenburg.de\/index.php?rest_route=\/wp\/v2\/users\/1"}],"replies":[{"embeddable":true,"href":"https:\/\/florian-dahlenburg.de\/index.php?rest_route=%2Fwp%2Fv2%2Fcomments&post=4861"}],"version-history":[{"count":1,"href":"https:\/\/florian-dahlenburg.de\/index.php?rest_route=\/wp\/v2\/posts\/4861\/revisions"}],"predecessor-version":[{"id":4869,"href":"https:\/\/florian-dahlenburg.de\/index.php?rest_route=\/wp\/v2\/posts\/4861\/revisions\/4869"}],"wp:featuredmedia":[{"embeddable":true,"href":"https:\/\/florian-dahlenburg.de\/index.php?rest_route=\/wp\/v2\/media\/4864"}],"wp:attachment":[{"href":"https:\/\/florian-dahlenburg.de\/index.php?rest_route=%2Fwp%2Fv2%2Fmedia&parent=4861"}],"wp:term":[{"taxonomy":"category","embeddable":true,"href":"https:\/\/florian-dahlenburg.de\/index.php?rest_route=%2Fwp%2Fv2%2Fcategories&post=4861"},{"taxonomy":"post_tag","embeddable":true,"href":"https:\/\/florian-dahlenburg.de\/index.php?rest_route=%2Fwp%2Fv2%2Ftags&post=4861"}],"curies":[{"name":"wp","href":"https:\/\/api.w.org\/{rel}","templated":true}]}}